[{"@context":"https:\/\/schema.org\/","@type":"Article","@id":"https:\/\/www.adra-ba.cz\/chybi-navstevnici\/#Article","mainEntityOfPage":"https:\/\/www.adra-ba.cz\/chybi-navstevnici\/","headline":"Chyb\u00ed n\u00e1v\u0161t\u011bvn\u00edci?","name":"Chyb\u00ed n\u00e1v\u0161t\u011bvn\u00edci?","description":"Kdy\u017e webu chyb\u00ed n\u00e1v\u0161t\u011bvn\u00edci, je to zl\u00e9. Je to daleko hor\u0161\u00ed, ne\u017e kdyby podobn\u00e1 internetov\u00e1 prezentace postr\u00e1dala cokoliv jin\u00e9ho. A je tomu tak proto, \u017ee&hellip;","datePublished":"2020-11-20","dateModified":"2020-11-20","author":{"@type":"Person","@id":"https:\/\/www.adra-ba.cz\/author\/#Person","name":"adra-ba.cz\n","url":"https:\/\/www.adra-ba.cz\/author\/","identifier":1,"image":{"@type":"ImageObject","@id":"https:\/\/secure.gravatar.com\/avatar\/c065076eb86551fdb70725c8063acf1b60a8edaed14ed654228c4cba13121c83?s=96&d=mm&r=g","url":"https:\/\/secure.gravatar.com\/avatar\/c065076eb86551fdb70725c8063acf1b60a8edaed14ed654228c4cba13121c83?s=96&d=mm&r=g","height":96,"width":96}},"publisher":{"@type":"Organization","name":"adra-ba.cz","logo":{"@type":"ImageObject","@id":"\/logo.png","url":"\/logo.png","width":600,"height":60}},"image":{"@type":"ImageObject","@id":"https:\/\/www.adra-ba.cz\/wp-content\/uploads\/n%C3%A1pis%20Google_TVc4hE.png","url":"https:\/\/www.adra-ba.cz\/wp-content\/uploads\/n%C3%A1pis%20Google_TVc4hE.png","height":0,"width":0},"url":"https:\/\/www.adra-ba.cz\/chybi-navstevnici\/","about":["Internet"],"wordCount":396,"articleBody":"   Kdy\u017e webu chyb\u00ed n\u00e1v\u0161t\u011bvn\u00edci, je to zl\u00e9. Je to daleko hor\u0161\u00ed, ne\u017e kdyby podobn\u00e1 internetov\u00e1 prezentace postr\u00e1dala cokoliv jin\u00e9ho. A je tomu tak proto, \u017ee nezav\u00edt\u00e1v\u00e1-li sem nikdo, nedozv\u00ed se nikdo ani to, co je zde uve\u0159ejn\u011bno, co se tu nab\u00edz\u00ed nebo naopak \u017e\u00e1d\u00e1 a za jak\u00fdch podm\u00ednek. A je pochopiteln\u00e9, \u017ee kdy\u017e se o n\u011b\u010dem nev\u00ed, nen\u00ed to k ni\u010demu. A zat\u00edmco n\u011bkdy plat\u00ed lidov\u00e1 moudrost o tom, \u017ee \u201aco o\u010di nevid\u00ed, to srdce ne\u017eel\u00ed\u2018, a je tedy n\u011bkdy mo\u017en\u00e1 i lep\u0161\u00ed, kdy\u017e si nikdo n\u011bjak\u00e9 pod\u0159adn\u00e9 nab\u00eddky ani nev\u0161imne a neztr\u00e1c\u00ed s n\u00ed zbyte\u010dn\u011b drahocenn\u00fd \u010das a mo\u017en\u00e1 nejen \u010das, u web\u016f, kter\u00e9 maj\u00ed co nab\u00eddnout, je nedostatek sledovanosti chybou. Chybou, ji\u017e je z\u00e1hodno odstranit.Jakkoliv je sledovanost nejednoho webu pov\u00e1\u017eliv\u011b n\u00edzk\u00e1 a navzdory snah\u00e1m jeho majitele se na tomto stavu v\u011bc\u00ed nic nem\u011bn\u00ed, d\u00e1 se tento nep\u0159\u00edzniv\u00fd osud zvr\u00e1tit, a to optimalizac\u00ed pro internetov\u00e9 vyhled\u00e1va\u010de. Tedy chce to zajistit \u00fapravy, je\u017e u\u010din\u00ed web atraktivn\u011bj\u0161\u00edm z pohledu internetov\u00fdch vyhled\u00e1va\u010d\u016f, kter\u00e9 zna\u010dnou m\u011brou rozhoduj\u00ed o tom, co bude u\u017eivateli internetu objeveno a co ne.Ov\u0161em takov\u00e1 optimalizace, to nen\u00ed jen tak. To chce v\u011bd\u011bt, jak ud\u011blat SEO anal\u00fdzu a jak a jak\u00e9 \u00fapravy n\u00e1sledn\u011b realizovat. A to chce bezesporu vsadit na pomoc ze strany odborn\u00edk\u016f. T\u011bch, kdo v\u011bd\u00ed, jak na takov\u00e9 v\u011bci, jako jsou linkbuilding, copywriting a podobn\u011b.A aby byl v\u00fdsledek je\u0161t\u011b dokonalej\u0161\u00ed, p\u0159ijde nejednou vhod i vyu\u017eit\u00ed soci\u00e1ln\u00edch s\u00edt\u00ed, je\u017e dok\u00e1\u017eou leckoho skute\u010dn\u011b v\u00fdznamnou m\u011brou zviditelnit. I takov\u00e1 s\u00ed\u0165 jako Facebook m\u016f\u017ee p\u0159in\u00e9st v\u00fdznamn\u00e9 \u00fasp\u011bchy, kdy\u017e se v\u00ed, jak se na t\u00e9to prosadit, k \u010demu\u017e je rovn\u011b\u017e zapot\u0159eb\u00ed dokonal\u00e1 spr\u00e1va Facebook. A i u t\u00e9 neprohloup\u00ed ten, kdo sv\u011b\u0159\u00ed takov\u00e9 z\u00e1le\u017eitosti profesion\u00e1l\u016fm, kte\u0159\u00ed tomu skute\u010dn\u011b rozum\u011bj\u00ed a dok\u00e1\u017eou i z t\u00e9to mo\u017enosti vyt\u011b\u017eit maximum. A to logicky nejen co se jejich vlastn\u00edch p\u0159\u00edjm\u016f z takov\u00fdchto podp\u016frn\u00fdch aktivit t\u00fdk\u00e1.                                                                                                                                                                                                                                                                                                                                                                                          4.8\/5 - (9 votes)        "},{"@context":"https:\/\/schema.org\/","@type":"BreadcrumbList","itemListElement":[{"@type":"ListItem","position":1,"name":"Chyb\u00ed n\u00e1v\u0161t\u011bvn\u00edci?","item":"https:\/\/www.adra-ba.cz\/chybi-navstevnici\/#breadcrumbitem"}]}]