[{"@context":"https:\/\/schema.org\/","@type":"Article","@id":"https:\/\/www.adra-ba.cz\/efektivni-preprava-materialu\/#Article","mainEntityOfPage":"https:\/\/www.adra-ba.cz\/efektivni-preprava-materialu\/","headline":"Efektivn\u00ed p\u0159eprava materi\u00e1lu","name":"Efektivn\u00ed p\u0159eprava materi\u00e1lu","description":"Ta\u017en\u00e9 za\u0159\u00edzen\u00ed Prvn\u00ed v\u011bc\u00ed, jen\u017e se n\u00e1m nab\u00edz\u00ed je zakoupit ta\u017en\u00e9 za\u0159\u00edzen\u00ed a n\u00e1sledn\u011b si p\u016fj\u010dit \u010di zakoupit voz\u00edk. Jde hlavn\u011b o to si \u0159\u00edct,&hellip;","datePublished":"2020-01-26","dateModified":"2020-01-26","author":{"@type":"Person","@id":"https:\/\/www.adra-ba.cz\/author\/#Person","name":"adra-ba.cz\n","url":"https:\/\/www.adra-ba.cz\/author\/","identifier":1,"image":{"@type":"ImageObject","@id":"https:\/\/secure.gravatar.com\/avatar\/c065076eb86551fdb70725c8063acf1b60a8edaed14ed654228c4cba13121c83?s=96&d=mm&r=g","url":"https:\/\/secure.gravatar.com\/avatar\/c065076eb86551fdb70725c8063acf1b60a8edaed14ed654228c4cba13121c83?s=96&d=mm&r=g","height":96,"width":96}},"publisher":{"@type":"Organization","name":"adra-ba.cz","logo":{"@type":"ImageObject","@id":"\/logo.png","url":"\/logo.png","width":600,"height":60}},"image":{"@type":"ImageObject","@id":"https:\/\/www.adra-ba.cz\/wp-content\/uploads\/img_a373557_w1932_t1585048356.png","url":"https:\/\/www.adra-ba.cz\/wp-content\/uploads\/img_a373557_w1932_t1585048356.png","height":0,"width":0},"url":"https:\/\/www.adra-ba.cz\/efektivni-preprava-materialu\/","about":["Business"],"wordCount":464,"articleBody":"   Ta\u017en\u00e9 za\u0159\u00edzen\u00ed Prvn\u00ed v\u011bc\u00ed, jen\u017e se n\u00e1m nab\u00edz\u00ed je zakoupit ta\u017en\u00e9 za\u0159\u00edzen\u00ed a n\u00e1sledn\u011b si p\u016fj\u010dit \u010di zakoupit voz\u00edk. Jde hlavn\u011b o to si \u0159\u00edct, kolikr\u00e1t tuto mo\u017enost p\u0159es rok vyu\u017eijete. Pokud budete cht\u00edt vozit materi\u00e1l na stavbu \u010di rekonstrukci, tak n\u00e1kup bude ve fin\u00e1le levn\u011bj\u0161\u00ed ne\u017e p\u016fj\u010dov\u00e1n\u00ed. Ta\u017en\u00e1 za\u0159\u00edzen\u00ed rozd\u011blujeme na pevn\u00e1 a odn\u00edmateln\u00e1. Vzhledem k pou\u017e\u00edv\u00e1n\u00ed nosi\u010d\u016f kol je dobr\u00e9 zakoupit ur\u010dit\u011b pevn\u00e9, ale u tah\u00e1n\u00ed voz\u00edku je volba jen na V\u00e1s. Prvn\u00edm p\u0159edpokladem je samoz\u0159ejm\u011b, aby dan\u00e9 za\u0159\u00edzen\u00ed bylo ur\u010deno na V\u00e1\u0161 typ vozu, proto\u017ee ten m\u00e1 ur\u010ditou p\u0159\u00edpravu na zabudov\u00e1n\u00ed ta\u017en\u00e9ho ji\u017e ze s\u00e9riov\u00e9 v\u00fdroby. Existuje spousta druh\u016f, co\u017e se odv\u00edj\u00ed podle Va\u0161ich pot\u0159eb. Voz\u00edk Nov\u00e9 voz\u00edky maj\u00ed maxim\u00e1ln\u00ed povolenou p\u0159\u00edpustnou rychlost u\u017e na hranici 130 km\/h, co\u017e je oproti p\u016fvodn\u00edm 80 km\/h dal\u0161\u00ed posun dop\u0159edu. Samoz\u0159ejm\u011b z\u00e1le\u017e\u00ed, co vlastn\u011b chcete vozit a jakou hmotnost p\u0159\u00edv\u011bsu m\u016f\u017eete t\u00e1hnout za sv\u00fdm vozidlem. Pokud si budete cht\u00edt mezi osobn\u00edmi automobily vybrat vozidlo, jen\u017e bude m\u00edt tuto hmotnost co nejvy\u0161\u0161\u00ed, tak se ur\u010dit\u011b pohybujte mezi auty s n\u00e1honem na v\u0161echny kola a slu\u0161nou motorizac\u00ed. Pro ob\u010dasn\u00e9ho u\u017eivatele posta\u010d\u00ed i klasick\u00fd nebr\u017ed\u011bn\u00fd voz\u00edk, jen\u017e V\u00e1m dlouho vydr\u017e\u00ed, a nav\u00edc s minim\u00e1ln\u00edmi n\u00e1klady na provoz. Samoz\u0159ejm\u011b se postupn\u011b m\u016f\u017eeme dostat k profesion\u00e1ln\u00edm v\u00fdrobk\u016fm, jen\u017e maj\u00ed spoustu funkc\u00ed a daj\u00ed se i skl\u00e1p\u011bt. Dod\u00e1vky Velice v\u00fdhodn\u00fdm \u0159e\u0161en\u00edm pro p\u0159epravu v\u0161emo\u017en\u00e9ho materi\u00e1lu je p\u016fj\u010dit si dod\u00e1vku, proto\u017ee ta nab\u00eddne opravdu velkorys\u00ed prostor. Sami si m\u016f\u017eete spo\u010d\u00edtat, \u017ee je lep\u0161\u00ed jet mnohem m\u00e9n\u011b kr\u00e1t dod\u00e1vkou ne\u017e uskute\u010dnit spoustu j\u00edzd s osobn\u00edm autem. A proto p\u016fj\u010den\u00e1 dod\u00e1vka \u0161et\u0159\u00ed pen\u00edze i \u010das. Jak se d\u00e1 takov\u00e9 prostorn\u00e9 vozidlo zap\u016fj\u010dit? Je to velice jednoduch\u00e9, proto\u017ee sta\u010d\u00ed vyplnit tento kr\u00e1tk\u00fd formul\u00e1\u0159 https:\/\/www.rentcarservice.cz\/pujcovna-uzitkovych-vozu. M\u016f\u017eete si zakoupit spoustu francouzsk\u00fdch voz\u016f, s kter\u00fdmi m\u016f\u017eete najet kolik chcete kilometr\u016f. Ka\u017ed\u00e1 dod\u00e1vka m\u00e1 \u010deskou i slovenskou d\u00e1lni\u010dn\u00ed zn\u00e1mku a m\u016f\u017eete s n\u00edm jezdit po v\u0161ech koutech EU. Z\u00e1rove\u0148 podstupuje servisu a m\u00e1 v\u0161echny pot\u0159ebn\u00e9 doklady a poji\u0161t\u011bn\u00ed pro provoz na pozemn\u00edch komunikac\u00edch.                                                                                                                                                                                                                                                                                                                                                                                          4.3\/5 - (9 votes)        "},{"@context":"https:\/\/schema.org\/","@type":"BreadcrumbList","itemListElement":[{"@type":"ListItem","position":1,"name":"Efektivn\u00ed p\u0159eprava materi\u00e1lu","item":"https:\/\/www.adra-ba.cz\/efektivni-preprava-materialu\/#breadcrumbitem"}]}]