[{"@context":"https:\/\/schema.org\/","@type":"Article","@id":"https:\/\/www.adra-ba.cz\/konec-jedne-ery\/#Article","mainEntityOfPage":"https:\/\/www.adra-ba.cz\/konec-jedne-ery\/","headline":"Konec jedn\u00e9 \u00e9ry","name":"Konec jedn\u00e9 \u00e9ry","description":"Po dlouh\u00e9 roky po n\u00e1stupu internetu byly soci\u00e1ln\u00ed s\u00edt\u011b pova\u017eov\u00e1ny za tahouny soci\u00e1ln\u00ed interakce. \u010casto byly kritizov\u00e1n\u00ed za pohlcen\u00ed u\u017eivatel\u016f virtu\u00e1ln\u00ed realitou a odm\u00edt\u00e1n\u00ed skute\u010dn\u00e9ho&hellip;","datePublished":"2017-07-29","dateModified":"2023-05-05","author":{"@type":"Person","@id":"https:\/\/www.adra-ba.cz\/author\/#Person","name":"adra-ba.cz\n","url":"https:\/\/www.adra-ba.cz\/author\/","identifier":1,"image":{"@type":"ImageObject","@id":"https:\/\/secure.gravatar.com\/avatar\/c065076eb86551fdb70725c8063acf1b60a8edaed14ed654228c4cba13121c83?s=96&d=mm&r=g","url":"https:\/\/secure.gravatar.com\/avatar\/c065076eb86551fdb70725c8063acf1b60a8edaed14ed654228c4cba13121c83?s=96&d=mm&r=g","height":96,"width":96}},"publisher":{"@type":"Organization","name":"adra-ba.cz","logo":{"@type":"ImageObject","@id":"\/logo.png","url":"\/logo.png","width":600,"height":60}},"image":{"@type":"ImageObject","@id":"https:\/\/adra-ba.cz\/wp-content\/uploads\/img_a321600_w2273_t1532852654.jpg","url":"https:\/\/adra-ba.cz\/wp-content\/uploads\/img_a321600_w2273_t1532852654.jpg","height":"","width":""},"url":"https:\/\/www.adra-ba.cz\/konec-jedne-ery\/","about":["Neza\u0159azen\u00e9"],"wordCount":393,"articleBody":"Po dlouh\u00e9 roky po n\u00e1stupu internetu byly soci\u00e1ln\u00ed s\u00edt\u011b pova\u017eov\u00e1ny za tahouny soci\u00e1ln\u00ed interakce. \u010casto byly kritizov\u00e1n\u00ed za pohlcen\u00ed u\u017eivatel\u016f virtu\u00e1ln\u00ed realitou a odm\u00edt\u00e1n\u00ed skute\u010dn\u00e9ho sv\u011bta. Dnes se v\u0161ak zd\u00e1 \u017ee se bl\u00ed\u017e\u00ed konec tak\u00e9 t\u011bchto soci\u00e1ln\u00edch obr\u016f.\tM\u016f\u017eeme pozorovat nejen odchod u\u017eivatel\u016f, ale tak\u00e9 klesaj\u00edc\u00ed z\u00e1jem investor\u016f o akcie soci\u00e1ln\u00edch s\u00edt\u00edch. Nejsiln\u011bji to poci\u0165uje soci\u00e1ln\u00ed s\u00ed\u0165 Facebook, kter\u00e1 byla v\u017edy velk\u00fdm tahounem soci\u00e1ln\u00ed interakce na internetu. V\u010dera tedy 26.7. 2018 byl ozn\u00e1men propad akci\u00ed Facebooku na burze o cel\u00fdch 19 %. O den pozd\u011bji n\u00e1sledoval Twitter s propadem 14 %.\tP\u0159\u00ed\u010diny poklesu atraktivity t\u011bchto s\u00edt\u00ed m\u016f\u017eou b\u00fdt r\u016fzn\u00e9. Jedn\u00edm z hlavn\u00edch je z\u00e1jem u\u017eivatel\u016f o vizu\u00e1ln\u00ed str\u00e1nku s\u00edt\u00ed. Co\u017e znamen\u00e1, \u017ee u\u017eivatele u\u017e tolik nebav\u00ed chatov\u00e1n\u00ed a pos\u00edl\u00e1n\u00ed zpr\u00e1v, ale sp\u00ed\u0161e se zaj\u00edmaj\u00ed o obr\u00e1zky a fotky.\tNa t\u011bch je zalo\u017eena spousta dal\u0161\u00edch aplikac\u00ed. Ka\u017ed\u00fd jist\u011b zn\u00e1 Instagram nebo Snapchat. Tyto soci\u00e1ln\u00ed s\u00edt\u011b jsou zalo\u017eeny sp\u00ed\u0161e na sd\u00edlen\u00ed fotek a obr\u00e1zk\u016f, p\u0159\u00edpadn\u011b jejich komentov\u00e1n\u00ed. Chatov\u00e1n\u00ed vzniklo pouze jako dopl\u0148kov\u00e1 funkce.\t\tFacebook se samoz\u0159ejm\u011b sna\u017e\u00ed t\u011bmto platform\u00e1m konkurovat, av\u0161ak nedok\u00e1\u017ee je pln\u011b nahradit. Ka\u017ed\u00e1 s\u00ed\u0165 je zalo\u017eena \u00fapln\u011b na jin\u00e9m syst\u00e9mu tak\u017ee slou\u017e\u00ed k jin\u00e9mu \u00fa\u010delu. \u00dakol maj\u00ed v\u0161ak spole\u010dn\u00fd c\u00edl stmelovat jedince na s\u00edti.\tDal\u0161\u00edm d\u016fvodem, pro\u010d tyto s\u00edt\u011b oslabuj\u00ed m\u016f\u017ee b\u00fdt tak\u00e9 jejich vliv. Facebook \u010di Twitter za\u010d\u00ednaly jako skromn\u00e9 projekty jej\u00ed\u017e c\u00edlem bylo pouze usnadnit komunikaci, ale p\u0159erostly v obrovsk\u00e9 syst\u00e9my, kter\u00e9 generuj\u00ed miliony denn\u011b. U\u017e se nejedn\u00e1 pouze o nad\u011bjn\u00fd projekt, ale je tak\u00e9 m\u00edstem placen\u00fdch reklam \u010di inzerce.\tZakladatele museli tedy postupem \u010dasu zav\u00e9st bezpe\u010dnostn\u00ed opat\u0159en\u00ed na ochranu soukrom\u00ed a zav\u00e9st pravidla pro chov\u00e1n\u00ed jednotliv\u00fdch u\u017eivatel\u016f. Z\u0159ejm\u011b jim ani nepomohlo nov\u00e9 na\u0159\u00edzen\u00ed z EU, GDPR. Tedy, \u017ee \u017e\u00e1dn\u00e1 organizace nesm\u00ed ve\u0159ejn\u011b uv\u00e1d\u011bt citliv\u00e9 informace o dan\u00e9 osob\u011b bez jej\u00edho svolen\u00ed.                                                                                                                                                                                                                                                                                                                                                                                        4.1\/5 - (10 votes)        "},{"@context":"https:\/\/schema.org\/","@type":"BreadcrumbList","itemListElement":[{"@type":"ListItem","position":1,"name":"Konec jedn\u00e9 \u00e9ry","item":"https:\/\/www.adra-ba.cz\/konec-jedne-ery\/#breadcrumbitem"}]}]