[{"@context":"https:\/\/schema.org\/","@type":"Article","@id":"https:\/\/www.adra-ba.cz\/kurkuma-ma-priznivy-vliv-na-zazivani-nervovou-soustavu-i-mozek\/#Article","mainEntityOfPage":"https:\/\/www.adra-ba.cz\/kurkuma-ma-priznivy-vliv-na-zazivani-nervovou-soustavu-i-mozek\/","headline":"Kurkuma m\u00e1 p\u0159\u00edzniv\u00fd vliv na za\u017e\u00edv\u00e1n\u00ed, nervovou soustavu i mozek","name":"Kurkuma m\u00e1 p\u0159\u00edzniv\u00fd vliv na za\u017e\u00edv\u00e1n\u00ed, nervovou soustavu i mozek","description":"Kurkumu znaj\u00ed mnoz\u00ed z v\u00e1s p\u0159edev\u0161\u00edm v podob\u011b jemn\u00e9ho pr\u00e1\u0161ku &#8211; ko\u0159en\u00ed, druhov\u011b p\u0159\u00edbuzn\u00e9ho se z\u00e1zvorem. Vyu\u017e\u00edv\u00e1 se t\u00e9\u017e jako p\u0159\u00edrodn\u00ed \u017elut\u00e9 (\u017elutooran\u017eov\u00e9) barvivo, ale&hellip;","datePublished":"2019-12-23","dateModified":"2023-05-05","author":{"@type":"Person","@id":"https:\/\/www.adra-ba.cz\/author\/#Person","name":"adra-ba.cz\n","url":"https:\/\/www.adra-ba.cz\/author\/","identifier":1,"image":{"@type":"ImageObject","@id":"https:\/\/secure.gravatar.com\/avatar\/c065076eb86551fdb70725c8063acf1b60a8edaed14ed654228c4cba13121c83?s=96&d=mm&r=g","url":"https:\/\/secure.gravatar.com\/avatar\/c065076eb86551fdb70725c8063acf1b60a8edaed14ed654228c4cba13121c83?s=96&d=mm&r=g","height":96,"width":96}},"publisher":{"@type":"Organization","name":"adra-ba.cz","logo":{"@type":"ImageObject","@id":"\/logo.png","url":"\/logo.png","width":600,"height":60}},"image":{"@type":"ImageObject","@id":"https:\/\/adra-ba.cz\/wp-content\/uploads\/kurkuma%20pr%C3%A1%C5%A1ek_1.jpg","url":"https:\/\/adra-ba.cz\/wp-content\/uploads\/kurkuma%20pr%C3%A1%C5%A1ek_1.jpg","height":"","width":""},"url":"https:\/\/www.adra-ba.cz\/kurkuma-ma-priznivy-vliv-na-zazivani-nervovou-soustavu-i-mozek\/","about":["Neza\u0159azen\u00e9"],"wordCount":417,"articleBody":"       Kurkumu znaj\u00ed mnoz\u00ed z v\u00e1s p\u0159edev\u0161\u00edm v podob\u011b jemn\u00e9ho pr\u00e1\u0161ku &#8211; ko\u0159en\u00ed, druhov\u011b p\u0159\u00edbuzn\u00e9ho se z\u00e1zvorem. Vyu\u017e\u00edv\u00e1 se t\u00e9\u017e jako p\u0159\u00edrodn\u00ed \u017elut\u00e9 (\u017elutooran\u017eov\u00e9) barvivo, ale nejv\u011bt\u0161\u00ed v\u00fdznam maj\u00ed n\u011bkter\u00e9 l\u00e1tky, kter\u00e9 byly podrobeny v\u011bdeck\u00e9mu v\u00fdzkumu, p\u0159edev\u0161\u00edm Kurkumin.Kurkuma a pep\u0159 \u2013 \u00fa\u010dinnou l\u00e1tku s n\u00e1zvem Kurkumin \u00fadajn\u011b l\u00e9pe organismus vyu\u017eije v kombinaci s \u010dern\u00fdm pep\u0159em, na\u0161t\u011bst\u00ed je sou\u010dinnost obou t\u011bchto ko\u0159en\u00ed prosp\u011b\u0161n\u00e1 a vhodn\u00e1 p\u0159i aplikaci na celou \u0159adu pokrm\u016f masov\u00fdch i bezmas\u00fdch, kdy vynikne jejich chu\u0165 a z\u00e1rove\u0148 se podpo\u0159\u00ed za\u017e\u00edvac\u00ed proces.Jak kurkuma, tak i pep\u0159 jsou tzv. siln\u00e1 zah\u0159\u00edvaj\u00edc\u00ed ko\u0159en\u00ed, proto se mus\u00ed d\u00e1vkovat p\u0159im\u011b\u0159en\u011b, aby nedo\u0161lo k podr\u00e1\u017ed\u011bn\u00ed sliznic za\u017e\u00edvac\u00edho traktu. Zah\u0159\u00edv\u00e1n\u00edm rozum\u00edme zv\u00fd\u0161en\u00ed prokrven\u00ed, resp. zlep\u0161en\u00ed pr\u016ftoku krve a\u017e do krevn\u00edch vl\u00e1se\u010dnic, co\u017e je v za\u017e\u00edvac\u00edm traktu velmi v\u00fdznamn\u00e9 nejen pro tr\u00e1ven\u00ed potravy, ale i pro regeneraci bun\u011bk t\u011bchto org\u00e1n\u016f.Antioxida\u010dn\u00ed jev \u2013 kurkuma https:\/\/www.nakliceno.cz\/kurkuma\/ v t\u011ble p\u016fsob\u00ed protiz\u00e1n\u011btliv\u011b a hlavn\u011b vychyt\u00e1v\u00e1 voln\u00e9 kysl\u00edkov\u00e9 radik\u00e1ly tzv. antioxidac\u00ed, voln\u00fd kysl\u00edk m\u00e1 toti\u017e destruktivn\u00ed \u00fa\u010dinky na bun\u011b\u010dnou strukturu a \u010d\u00edm v\u00edce jej v t\u011ble nech\u00e1me p\u016fsobit, t\u00edm rychleji budeme st\u00e1rnout.P\u0159\u00edzniv\u00fd vliv na j\u00e1tra, \u017elu\u010dn\u00edk a slezinu \u2013 podpora tr\u00e1vic\u00edho procesu prim\u00e1rn\u011b zas\u00e1hne krom\u011b \u017ealudku a dvan\u00e1ctern\u00edku tak\u00e9 okruh jater, \u017elu\u010dn\u00edku a sleziny tvorbou \u017elu\u010di a p\u0159irozen\u00fdm vylu\u010dov\u00e1n\u00edm tr\u00e1vic\u00edch \u0161\u0165\u00e1v.CNS a mozek \u2013 nervov\u00e1 soustava a mozkov\u00e9 bu\u0148ky jsou dal\u0161\u00ed oblast\u00ed, kde Kurkumin m\u016f\u017ee p\u0159\u00edzniv\u011b p\u016fsobit, v\u011bdeck\u00e9 v\u00fdzkumy se zam\u011b\u0159uj\u00ed na zlep\u0161en\u00ed pr\u016fb\u011bhu Alzheimerovy choroby a l\u00e9\u010dbu hlubok\u00fdch \u00fazkost\u00ed a depres\u00ed. Velkou roli zde hraje p\u0159edev\u0161\u00edm eliminace oxida\u010dn\u00edho stresu, kter\u00fd vyvol\u00e1v\u00e1 nevhodn\u00fd \u017eivotn\u00ed styl (\u0161patn\u00e1 \u017eivotospr\u00e1va, probl\u00e9my se sp\u00e1nkem atd.)Kurkumu prodej zaji\u0161\u0165uj\u00ed p\u0159edev\u0161\u00edm prodejny zdrav\u00e9 v\u00fd\u017eivy, jej\u00ed v\u00fdhodou je, \u017ee ji lze nakoupit ve v\u011bt\u0161\u00edm mno\u017estv\u00ed a skladovat ji i n\u011bkolik m\u011bs\u00edc\u016f mimo dosah denn\u00edho sv\u011btla.                                                                                                                                                                                                                                                                                                                                                                                          3.6\/5 - (7 votes)        "},{"@context":"https:\/\/schema.org\/","@type":"BreadcrumbList","itemListElement":[{"@type":"ListItem","position":1,"name":"Kurkuma m\u00e1 p\u0159\u00edzniv\u00fd vliv na za\u017e\u00edv\u00e1n\u00ed, nervovou soustavu i mozek","item":"https:\/\/www.adra-ba.cz\/kurkuma-ma-priznivy-vliv-na-zazivani-nervovou-soustavu-i-mozek\/#breadcrumbitem"}]}]