[{"@context":"https:\/\/schema.org\/","@type":"Article","@id":"https:\/\/www.adra-ba.cz\/mobil-neni-levny-spas\/#Article","mainEntityOfPage":"https:\/\/www.adra-ba.cz\/mobil-neni-levny-spas\/","headline":"Mobil nen\u00ed levn\u00fd \u0161p\u00e1s","name":"Mobil nen\u00ed levn\u00fd \u0161p\u00e1s","description":"I kdy\u017e jsme na tom my lid\u00e9 finan\u010dn\u011b r\u016fzn\u011b a pro n\u011bkter\u00e9 je t\u00edm p\u00e1dem cena mobiln\u00edho telefonu pakatel, zat\u00edmco pro jin\u00e9 je to majlant,&hellip;","datePublished":"2024-12-21","dateModified":"2024-12-21","author":{"@type":"Person","@id":"https:\/\/www.adra-ba.cz\/author\/#Person","name":"adra-ba.cz\n","url":"https:\/\/www.adra-ba.cz\/author\/","identifier":1,"image":{"@type":"ImageObject","@id":"https:\/\/secure.gravatar.com\/avatar\/c065076eb86551fdb70725c8063acf1b60a8edaed14ed654228c4cba13121c83?s=96&d=mm&r=g","url":"https:\/\/secure.gravatar.com\/avatar\/c065076eb86551fdb70725c8063acf1b60a8edaed14ed654228c4cba13121c83?s=96&d=mm&r=g","height":96,"width":96}},"publisher":{"@type":"Organization","name":"adra-ba.cz","logo":{"@type":"ImageObject","@id":"\/logo.png","url":"\/logo.png","width":600,"height":60}},"image":{"@type":"ImageObject","@id":"https:\/\/www.adra-ba.cz\/wp-content\/uploads\/ttttt_3.jpg","url":"https:\/\/www.adra-ba.cz\/wp-content\/uploads\/ttttt_3.jpg","height":0,"width":0},"url":"https:\/\/www.adra-ba.cz\/mobil-neni-levny-spas\/","about":["Business"],"wordCount":430,"articleBody":"       I kdy\u017e jsme na tom my lid\u00e9 finan\u010dn\u011b r\u016fzn\u011b a pro n\u011bkter\u00e9 je t\u00edm p\u00e1dem cena mobiln\u00edho telefonu pakatel, zat\u00edmco pro jin\u00e9 je to majlant, jist\u00e9 je to, \u017ee kdy\u017e u\u017e si mobiln\u00ed telefon koup\u00edme, m\u011bli bychom se starat, aby n\u00e1m dost dlouho vydr\u017eel. Jednak proto, \u017ee by bylo hloup\u00e9 utr\u00e1cet p\u0159ed\u010dasn\u011b za nov\u00fd, jednak proto, \u017ee by to byla zbyte\u010dn\u00e1 \u0161koda. Proto\u017ee takov\u00e9 telefony mohou vydr\u017eet d\u00e9le, ne\u017e \u010dasto vydr\u017e\u00ed, a mohou n\u00e1m i dob\u0159e slou\u017eit. Nev\u00edte, jak \u017eivotnost sv\u00e9ho telefonu prodlou\u017eit, a hled\u00e1te v tom n\u011bjakou v\u011bdu? Pak si l\u00e1mete hlavu zbyte\u010dn\u011b. \u017d\u00e1dn\u00e1 v\u011bda v tom toti\u017e nen\u00ed. Funk\u010dnost a kvalitu mobiln\u00edho telefonu si toti\u017e lze prodlou\u017eit i naprostou banalitou. A to t\u00edm, \u017ee si na n\u011bj po\u0159\u00edd\u00edme vhodn\u00fd kryt.Je to zkr\u00e1tka tak. Kdy\u017e pou\u017e\u00edv\u00e1me mobiln\u00ed telefon jako takov\u00fd, m\u016f\u017ee se lehce st\u00e1t, \u017ee n\u00e1m vyklouzne z ruky, \u010dasto n\u00e1m m\u016f\u017ee upadnout, kdy\u017e n\u011bkam jdeme nebo jedeme, p\u0159\u00edpadn\u011b m\u016f\u017ee doj\u00edt k dal\u0161\u00edm podobn\u00fdm situac\u00edm, a klidn\u011b m\u016f\u017ee b\u00fdt po n\u011bm. Rozbije se a n\u00e1s \u010dek\u00e1 t\u0159eba sh\u00e1n\u011bn\u00ed nov\u00e9ho. Zat\u00edmco kdy\u017e m\u00e1me na sv\u00e9m telefonu kryt na iPhone 11, zabr\u00e1n\u00ed se v mnoha p\u0159\u00edpadech tomu nejhor\u0161\u00edmu, tedy vzniku \u0161kody. Telefon n\u00e1m v takov\u00e9m obalu p\u0159e\u017eije i m\u00e9n\u011b \u0161etrn\u00e9 zach\u00e1zen\u00ed. Je pochopiteln\u00e9, \u017ee m\u00e1me-li rozum v hlav\u011b, nem\u016f\u017eeme nab\u00eddku takov\u00e9ho obalu ignorovat.I kdy\u017e ani tento nen\u00ed zadarmo, m\u016f\u017ee n\u00e1m pen\u00edze u\u0161et\u0159it. A nejen pen\u00edze, ale t\u0159eba i sh\u00e1n\u011bn\u00ed dal\u0161\u00edho telefonu, tedy i \u010das a energii. A ka\u017ed\u00fd rozumn\u00fd \u010dlov\u011bk si tedy obal na sv\u016fj mobiln\u00ed telefon najde. A to nejl\u00e9pe pr\u00e1v\u011b ten, kter\u00fd je zm\u00edn\u011bn v\u00fd\u0161e, tedy obal pro iPhone 11. Proto\u017ee ten nejenom \u017ee pln\u00ed v\u0161echny po\u017eadovan\u00e9 ochrann\u00e9 funkce, ale nab\u00edz\u00ed i dod\u00e1n\u00ed dokonal\u00e9ho vzhledu v n\u011bm ulo\u017een\u00e9ho telefonu. A kdy\u017e m\u00e1me tedy telefon v bezpe\u010d\u00ed, a nav\u00edc je\u0161t\u011b vypad\u00e1 l\u00edp, m\u016f\u017eeme b\u00fdt spokojen\u00ed. Nebo vy budete rad\u0161i riskovat, \u017ee v\u00e1m t\u0159eba i v tom nejnevhodn\u011bj\u0161\u00edm okam\u017eiku v\u00e1\u0161 mobiln\u00ed telefon vypadne a rozbije se?                                                                                                                                                                                                                                                                                                                                                                                                  "},{"@context":"https:\/\/schema.org\/","@type":"BreadcrumbList","itemListElement":[{"@type":"ListItem","position":1,"name":"Mobil nen\u00ed levn\u00fd \u0161p\u00e1s","item":"https:\/\/www.adra-ba.cz\/mobil-neni-levny-spas\/#breadcrumbitem"}]}]