[{"@context":"https:\/\/schema.org\/","@type":"Article","@id":"https:\/\/www.adra-ba.cz\/niekolko-problemov-ktore-na-vas-mozu-cakat\/#Article","mainEntityOfPage":"https:\/\/www.adra-ba.cz\/niekolko-problemov-ktore-na-vas-mozu-cakat\/","headline":"Nieko\u013eko probl\u00e9mov, ktor\u00e9 na v\u00e1s m\u00f4\u017eu \u010daka\u0165","name":"Nieko\u013eko probl\u00e9mov, ktor\u00e9 na v\u00e1s m\u00f4\u017eu \u010daka\u0165","description":"V\u00e4\u010d\u0161ina det\u00ed trp\u00ed v kolekt\u00edve \u010dastou chorobnos\u0165ou a jasle nie s\u00fa \u017eiadnou v\u00fdnimkou. Pokia\u013e bude aj va\u0161e die\u0165a na tom podobne, mali by ste zv\u00e1\u017ei\u0165,&hellip;","datePublished":"2024-12-03","dateModified":"2024-12-03","author":{"@type":"Person","@id":"https:\/\/www.adra-ba.cz\/author\/#Person","name":"adra-ba.cz\n","url":"https:\/\/www.adra-ba.cz\/author\/","identifier":1,"image":{"@type":"ImageObject","@id":"https:\/\/secure.gravatar.com\/avatar\/c065076eb86551fdb70725c8063acf1b60a8edaed14ed654228c4cba13121c83?s=96&d=mm&r=g","url":"https:\/\/secure.gravatar.com\/avatar\/c065076eb86551fdb70725c8063acf1b60a8edaed14ed654228c4cba13121c83?s=96&d=mm&r=g","height":96,"width":96}},"publisher":{"@type":"Organization","name":"adra-ba.cz","logo":{"@type":"ImageObject","@id":"\/logo.png","url":"\/logo.png","width":600,"height":60}},"url":"https:\/\/www.adra-ba.cz\/niekolko-problemov-ktore-na-vas-mozu-cakat\/","wordCount":228,"articleBody":" V\u00e4\u010d\u0161ina det\u00ed trp\u00ed v kolekt\u00edve \u010dastou chorobnos\u0165ou a jasle nie s\u00fa \u017eiadnou v\u00fdnimkou. Pokia\u013e bude aj va\u0161e die\u0165a na tom podobne, mali by ste zv\u00e1\u017ei\u0165, \u010di ho tam d\u00e1va\u0165. \u010cast\u00e1 chorobnos\u0165 b\u00fdva spojen\u00e1 aj s probl\u00e9mami s imunitou. V\u00e4\u010d\u0161ina psychol\u00f3gov sa ale napriek tomu zhoduje na tom, \u017ee by jasle mali by\u0165 sk\u00f4r medzn\u00fdm variantom. Pre niektor\u00fdch na\u0161ich najmen\u0161\u00edch nie s\u00fa v\u00f4bec vhodn\u00e9. Do troch rokov je pre neho najlep\u0161ie domov, kde sa c\u00edti milovan\u00e9 a v bezpe\u010d\u00ed so svojimi najbli\u017e\u0161\u00edmi. Niektor\u00e9 deti potom m\u00f4\u017eu ma\u0165 emo\u010dn\u00e9 probl\u00e9my alebo aj \u00fazkostn\u00e9 stavy. Napriek tomu ale neprebehla \u017eiadna \u0161t\u00fadia, ktor\u00e1 by tieto n\u00e1zory podporila. Zv\u00e1\u017ete v\u0161etky dostupn\u00e9 mo\u017enosti Ja sama neviem, \u010di by som zvolila t\u00fato mo\u017enos\u0165, ale v\u017edy z\u00e1le\u017e\u00ed na situ\u00e1cii, v ktorej sa nach\u00e1dzame. M\u00e1m miluj\u00faceho man\u017eela, ktor\u00fd sa o n\u00e1s dobre star\u00e1, tak\u017ee m\u00f4\u017eem by\u0165 s na\u0161imi de\u0165mi doma. Ani si nedok\u00e1\u017eem predstavi\u0165, \u017ee by som ich mala niekam da\u0165. Ale m\u00e1m kamar\u00e1tku, ktor\u00e1 je na svojho chlap\u010deka sama, tak\u017ee u nej plne ch\u00e1pem, \u017ee mus\u00ed pracova\u0165 a o mal\u00e9ho sa staraj\u00fa hodn\u00e9 tety.                                                                                                                                                                                                                                                                                                                                                                                        4.5\/5 - (4 votes)        "},{"@context":"https:\/\/schema.org\/","@type":"BreadcrumbList","itemListElement":[{"@type":"ListItem","position":1,"name":"Nieko\u013eko probl\u00e9mov, ktor\u00e9 na v\u00e1s m\u00f4\u017eu \u010daka\u0165","item":"https:\/\/www.adra-ba.cz\/niekolko-problemov-ktore-na-vas-mozu-cakat\/#breadcrumbitem"}]}]