[{"@context":"https:\/\/schema.org\/","@type":"Article","@id":"https:\/\/www.adra-ba.cz\/obyvaci-steny-a-sestavy\/#Article","mainEntityOfPage":"https:\/\/www.adra-ba.cz\/obyvaci-steny-a-sestavy\/","headline":"Ob\u00fdvac\u00ed st\u011bny a sestavy","name":"Ob\u00fdvac\u00ed st\u011bny a sestavy","description":"Tak\u00e9 V\u00e1m p\u0159ijde velmi t\u011b\u017ek\u00e9 naj\u00edt v dne\u0161n\u00ed dob\u011b kvalitn\u00ed a po\u0159\u00e1dn\u00e9 ob\u00fdvac\u00ed st\u011bny a sestavy? Tak to jste na omylu, proto\u017ee pr\u00e1v\u011b u n\u00e1s&hellip;","datePublished":"2024-11-10","dateModified":"2024-11-10","author":{"@type":"Person","@id":"https:\/\/www.adra-ba.cz\/author\/#Person","name":"adra-ba.cz\n","url":"https:\/\/www.adra-ba.cz\/author\/","identifier":1,"image":{"@type":"ImageObject","@id":"https:\/\/secure.gravatar.com\/avatar\/c065076eb86551fdb70725c8063acf1b60a8edaed14ed654228c4cba13121c83?s=96&d=mm&r=g","url":"https:\/\/secure.gravatar.com\/avatar\/c065076eb86551fdb70725c8063acf1b60a8edaed14ed654228c4cba13121c83?s=96&d=mm&r=g","height":96,"width":96}},"publisher":{"@type":"Organization","name":"adra-ba.cz","logo":{"@type":"ImageObject","@id":"\/logo.png","url":"\/logo.png","width":600,"height":60}},"url":"https:\/\/www.adra-ba.cz\/obyvaci-steny-a-sestavy\/","wordCount":225,"articleBody":"Tak\u00e9 V\u00e1m p\u0159ijde velmi t\u011b\u017ek\u00e9 naj\u00edt v dne\u0161n\u00ed dob\u011b kvalitn\u00ed a po\u0159\u00e1dn\u00e9 ob\u00fdvac\u00ed st\u011bny a sestavy? Tak to jste na omylu, proto\u017ee pr\u00e1v\u011b u n\u00e1s m\u00e1me pro V\u00e1s skv\u011blou nab\u00eddku p\u0159esn\u011b takov\u00e9ho n\u00e1bytku, o kter\u00e9m jsme psali. Uji\u0161\u0165ujeme V\u00e1s, \u017ee u n\u00e1s najdete velice l\u00e1kav\u00e9 st\u011bny, kter\u00e9 budou st\u00e1t za kup.Ob\u00fdvac\u00ed st\u011bny a sestavyDb\u00e1te na modern\u00ed trendy? Chcete b\u00fdt origin\u00e1ln\u00ed? V dne\u0161n\u00ed dob\u011b je kladen d\u016fraz p\u0159edev\u0161\u00edm na prakti\u010dnost, tud\u00ed\u017e s velk\u00fdmi a nepraktick\u00fdmi ob\u00fdvac\u00edmi st\u011bnami se v na\u0161em sortimentu nesetk\u00e1te. Naraz\u00edte pouze na ty nejlep\u0161\u00ed a nejkvalitn\u011bj\u0161\u00ed ob\u00fdvac\u00ed st\u011bny a sestavy, kter\u00e9 V\u00e1m zajist\u00ed kr\u00e1sn\u00fd a p\u0159\u00edjemn\u00fd ob\u00fdvac\u00ed pokoj.Modern\u00ed pojet\u00edTou\u017e\u00edte m\u00edt kompletn\u011b modern\u00ed byt? Nejrad\u011bji byste byli, kdyby V\u00e1\u0161 ob\u00fdvac\u00ed pokoj byl za\u0159\u00edzen elegantn\u011b, nebo d\u00e1v\u00e1te snad p\u0159ednost modern\u00edmu za\u0159\u00edzen\u00ed? Nebo V\u00e1m na stylu nesejde a hlavn\u011b sh\u00e1n\u00edte levn\u00e9 a kr\u00e1sn\u00e9 ob\u00fdvac\u00ed st\u011bny a sestavy? A\u0165 u\u017e je v\u00e1\u0161 c\u00edl jak\u00fdkoliv, u n\u00e1s najdete to, co budete pot\u0159ebovat.                                                                                                                                                                                                                                                                                                                                                                                        4\/5 - (5 votes)        "},{"@context":"https:\/\/schema.org\/","@type":"BreadcrumbList","itemListElement":[{"@type":"ListItem","position":1,"name":"Ob\u00fdvac\u00ed st\u011bny a sestavy","item":"https:\/\/www.adra-ba.cz\/obyvaci-steny-a-sestavy\/#breadcrumbitem"}]}]