[{"@context":"https:\/\/schema.org\/","@type":"Article","@id":"https:\/\/www.adra-ba.cz\/oriflame\/#Article","mainEntityOfPage":"https:\/\/www.adra-ba.cz\/oriflame\/","headline":"Oriflame","name":"Oriflame","description":"Oriflamev\u00e1m nab\u00edz\u00ed skv\u011blou kosmetiku. Pokud nev\u00edte, pro\u010d byste si m\u011bli vybrat zrovna na\u0161i kosmetiku, p\u0159esv\u011bd\u010dte se sami. Vyzkou\u0161ejte na\u0161e vzorky, kter\u00e9 se\u017eenete u na\u0161ich kosmetick\u00fdch&hellip;","datePublished":"2025-04-29","dateModified":"2025-04-29","author":{"@type":"Person","@id":"https:\/\/www.adra-ba.cz\/author\/#Person","name":"adra-ba.cz\n","url":"https:\/\/www.adra-ba.cz\/author\/","identifier":1,"image":{"@type":"ImageObject","@id":"https:\/\/secure.gravatar.com\/avatar\/c065076eb86551fdb70725c8063acf1b60a8edaed14ed654228c4cba13121c83?s=96&d=mm&r=g","url":"https:\/\/secure.gravatar.com\/avatar\/c065076eb86551fdb70725c8063acf1b60a8edaed14ed654228c4cba13121c83?s=96&d=mm&r=g","height":96,"width":96}},"publisher":{"@type":"Organization","name":"adra-ba.cz","logo":{"@type":"ImageObject","@id":"\/logo.png","url":"\/logo.png","width":600,"height":60}},"url":"https:\/\/www.adra-ba.cz\/oriflame\/","wordCount":207,"articleBody":"Oriflamev\u00e1m nab\u00edz\u00ed skv\u011blou kosmetiku. Pokud nev\u00edte, pro\u010d byste si m\u011bli vybrat zrovna na\u0161i kosmetiku, p\u0159esv\u011bd\u010dte se sami. Vyzkou\u0161ejte na\u0161e vzorky, kter\u00e9 se\u017eenete u na\u0161ich kosmetick\u00fdch poradc\u016f, kte\u0159\u00ed v\u00e1m ochotn\u011b a r\u00e1di vzorky kosmetiky dodaj\u00ed.Oriflamepou\u017e\u00edv\u00e1 zejm\u00e9na p\u0159\u00edrodn\u00ed slo\u017eky, kter\u00e9 jsou \u0161etrn\u00e9 k p\u0159\u00edrod\u011b i k v\u00e1m. Na\u0161e v\u00fdrobky nezp\u016fsobuj\u00ed alergie ani p\u0159ecitliv\u011blost, proto se nemus\u00edte b\u00e1t jimi ope\u010dov\u00e1vat va\u0161e d\u011bti. Na\u0161e v\u00fdrobky si m\u016f\u017eete zakoupit prost\u0159ednictv\u00edm na\u0161ich kosmetick\u00fdch poradc\u016f, a nebo se u n\u00e1s m\u016f\u017eete zaregistrovat a objedn\u00e1vat si kosmetiku sami p\u0159\u00edmo na svou adresu nebo na na\u0161e v\u00fddejn\u00ed m\u00edsta. Nav\u00edc si m\u016f\u017eete prohl\u00e9dnout na v\u00fddejn\u00edch pobo\u010dk\u00e1ch zbo\u017e\u00ed ve slev\u011b, kde m\u016f\u017eete sehnat luxusn\u00ed v\u00fdrobky za minim\u00e1ln\u00ed ceny.Pe\u010dujte o sebe s n\u00e1miPe\u010dujte o sebe a celou rodinu s kosmetikou Oriflame. Z\u00edsk\u00e1te prvot\u0159\u00eddn\u00ed p\u00e9\u010di za skv\u011bl\u00e9 ceny. Nav\u00edc nab\u00edz\u00edme mnoho dopl\u0148k\u016f, kter\u00e9 jsou vhodn\u00e9 jako d\u00e1rek.                                                                                                                                                                                                                                                                                                                                                                                                "},{"@context":"https:\/\/schema.org\/","@type":"BreadcrumbList","itemListElement":[{"@type":"ListItem","position":1,"name":"Oriflame","item":"https:\/\/www.adra-ba.cz\/oriflame\/#breadcrumbitem"}]}]