[{"@context":"https:\/\/schema.org\/","@type":"Blog","@id":"https:\/\/www.adra-ba.cz#Blog","headline":"Adra ba","description":"\nT\u00edm, co se podnikatel\u016fm nejednou v\u016fbec neda\u0159\u00ed, je sebepropagace. D\u011blaj\u00ed v n\u00ed chyby a dopl\u00e1cej\u00ed na to. A co m\u00e1te d\u011blat, aby to nebyl i v\u00e1\u0161 p\u0159\u00edpad? Nav\u0161t\u00edvit n\u00e1s.","url":"https:\/\/www.adra-ba.cz","hasPart":[{"@type":"Article","@id":"https:\/\/www.adra-ba.cz\/staci-pouha-vymena-a-mnoho-usetrite\/","headline":"Sta\u010d\u00ed pouh\u00e1 v\u00fdm\u011bna a mnoho u\u0161et\u0159\u00edte","url":"https:\/\/www.adra-ba.cz\/staci-pouha-vymena-a-mnoho-usetrite\/","datePublished":"2024-11-23","dateModified":"2024-11-23","mainEntityOfPage":"https:\/\/www.adra-ba.cz\/staci-pouha-vymena-a-mnoho-usetrite\/","author":{"@type":"Person","@id":"https:\/\/www.adra-ba.cz\/author\/#Person","name":"adra-ba.cz\n","url":"https:\/\/www.adra-ba.cz\/author\/","identifier":1,"image":{"@type":"ImageObject","@id":"https:\/\/secure.gravatar.com\/avatar\/c065076eb86551fdb70725c8063acf1b60a8edaed14ed654228c4cba13121c83?s=96&d=mm&r=g","url":"https:\/\/secure.gravatar.com\/avatar\/c065076eb86551fdb70725c8063acf1b60a8edaed14ed654228c4cba13121c83?s=96&d=mm&r=g","height":96,"width":96}},"publisher":{"@type":"Organization","name":"adra-ba.cz","logo":{"@type":"ImageObject","@id":"\/logo.png","url":"\/logo.png","width":600,"height":60}},"image":null,"wordCount":218,"keywords":null},{"@type":"Article","@id":"https:\/\/www.adra-ba.cz\/zavady-na-plynovych-spotrebicich-nereste-sami\/","headline":"Z\u00e1vady na plynov\u00fdch spot\u0159ebi\u010d\u00edch ne\u0159e\u0161te sami","url":"https:\/\/www.adra-ba.cz\/zavady-na-plynovych-spotrebicich-nereste-sami\/","datePublished":"2024-11-19","dateModified":"2024-11-19","mainEntityOfPage":"https:\/\/www.adra-ba.cz\/zavady-na-plynovych-spotrebicich-nereste-sami\/","author":{"@type":"Person","@id":"https:\/\/www.adra-ba.cz\/author\/#Person","name":"adra-ba.cz\n","url":"https:\/\/www.adra-ba.cz\/author\/","identifier":1,"image":{"@type":"ImageObject","@id":"https:\/\/secure.gravatar.com\/avatar\/c065076eb86551fdb70725c8063acf1b60a8edaed14ed654228c4cba13121c83?s=96&d=mm&r=g","url":"https:\/\/secure.gravatar.com\/avatar\/c065076eb86551fdb70725c8063acf1b60a8edaed14ed654228c4cba13121c83?s=96&d=mm&r=g","height":96,"width":96}},"publisher":{"@type":"Organization","name":"adra-ba.cz","logo":{"@type":"ImageObject","@id":"\/logo.png","url":"\/logo.png","width":600,"height":60}},"image":{"@type":"ImageObject","@id":"https:\/\/www.adra-ba.cz\/wp-content\/uploads\/gas-1540270_640_1.jpg","url":"https:\/\/www.adra-ba.cz\/wp-content\/uploads\/gas-1540270_640_1.jpg","height":0,"width":0},"wordCount":571,"keywords":null},{"@type":"Article","@id":"https:\/\/www.adra-ba.cz\/vase-svatba-bude-skvela-i-diky-nam\/","headline":"Va\u0161e svatba bude skv\u011bl\u00e1 i d\u00edky n\u00e1m","url":"https:\/\/www.adra-ba.cz\/vase-svatba-bude-skvela-i-diky-nam\/","datePublished":"2024-11-15","dateModified":"2024-11-15","mainEntityOfPage":"https:\/\/www.adra-ba.cz\/vase-svatba-bude-skvela-i-diky-nam\/","author":{"@type":"Person","@id":"https:\/\/www.adra-ba.cz\/author\/#Person","name":"adra-ba.cz\n","url":"https:\/\/www.adra-ba.cz\/author\/","identifier":1,"image":{"@type":"ImageObject","@id":"https:\/\/secure.gravatar.com\/avatar\/c065076eb86551fdb70725c8063acf1b60a8edaed14ed654228c4cba13121c83?s=96&d=mm&r=g","url":"https:\/\/secure.gravatar.com\/avatar\/c065076eb86551fdb70725c8063acf1b60a8edaed14ed654228c4cba13121c83?s=96&d=mm&r=g","height":96,"width":96}},"publisher":{"@type":"Organization","name":"adra-ba.cz","logo":{"@type":"ImageObject","@id":"\/logo.png","url":"\/logo.png","width":600,"height":60}},"image":null,"wordCount":219,"keywords":null},{"@type":"Article","@id":"https:\/\/www.adra-ba.cz\/obyvaci-steny-a-sestavy\/","headline":"Ob\u00fdvac\u00ed st\u011bny a sestavy","url":"https:\/\/www.adra-ba.cz\/obyvaci-steny-a-sestavy\/","datePublished":"2024-11-10","dateModified":"2024-11-10","mainEntityOfPage":"https:\/\/www.adra-ba.cz\/obyvaci-steny-a-sestavy\/","author":{"@type":"Person","@id":"https:\/\/www.adra-ba.cz\/author\/#Person","name":"adra-ba.cz\n","url":"https:\/\/www.adra-ba.cz\/author\/","identifier":1,"image":{"@type":"ImageObject","@id":"https:\/\/secure.gravatar.com\/avatar\/c065076eb86551fdb70725c8063acf1b60a8edaed14ed654228c4cba13121c83?s=96&d=mm&r=g","url":"https:\/\/secure.gravatar.com\/avatar\/c065076eb86551fdb70725c8063acf1b60a8edaed14ed654228c4cba13121c83?s=96&d=mm&r=g","height":96,"width":96}},"publisher":{"@type":"Organization","name":"adra-ba.cz","logo":{"@type":"ImageObject","@id":"\/logo.png","url":"\/logo.png","width":600,"height":60}},"image":null,"wordCount":276,"keywords":null},{"@type":"Article","@id":"https:\/\/www.adra-ba.cz\/dovolate-se-behem-par-okamziku-komukoli\/","headline":"Dovol\u00e1te se b\u011bhem p\u00e1r okam\u017eik\u016f komukoli","url":"https:\/\/www.adra-ba.cz\/dovolate-se-behem-par-okamziku-komukoli\/","datePublished":"2024-11-02","dateModified":"2024-11-02","mainEntityOfPage":"https:\/\/www.adra-ba.cz\/dovolate-se-behem-par-okamziku-komukoli\/","author":{"@type":"Person","@id":"https:\/\/www.adra-ba.cz\/author\/#Person","name":"adra-ba.cz\n","url":"https:\/\/www.adra-ba.cz\/author\/","identifier":1,"image":{"@type":"ImageObject","@id":"https:\/\/secure.gravatar.com\/avatar\/c065076eb86551fdb70725c8063acf1b60a8edaed14ed654228c4cba13121c83?s=96&d=mm&r=g","url":"https:\/\/secure.gravatar.com\/avatar\/c065076eb86551fdb70725c8063acf1b60a8edaed14ed654228c4cba13121c83?s=96&d=mm&r=g","height":96,"width":96}},"publisher":{"@type":"Organization","name":"adra-ba.cz","logo":{"@type":"ImageObject","@id":"\/logo.png","url":"\/logo.png","width":600,"height":60}},"image":null,"wordCount":306,"keywords":null},{"@type":"Article","@id":"https:\/\/www.adra-ba.cz\/prehledny-e-shop\/","headline":"P\u0159ehledn\u00fd e-shop","url":"https:\/\/www.adra-ba.cz\/prehledny-e-shop\/","datePublished":"2024-10-29","dateModified":"2024-10-29","mainEntityOfPage":"https:\/\/www.adra-ba.cz\/prehledny-e-shop\/","author":{"@type":"Person","@id":"https:\/\/www.adra-ba.cz\/author\/#Person","name":"adra-ba.cz\n","url":"https:\/\/www.adra-ba.cz\/author\/","identifier":1,"image":{"@type":"ImageObject","@id":"https:\/\/secure.gravatar.com\/avatar\/c065076eb86551fdb70725c8063acf1b60a8edaed14ed654228c4cba13121c83?s=96&d=mm&r=g","url":"https:\/\/secure.gravatar.com\/avatar\/c065076eb86551fdb70725c8063acf1b60a8edaed14ed654228c4cba13121c83?s=96&d=mm&r=g","height":96,"width":96}},"publisher":{"@type":"Organization","name":"adra-ba.cz","logo":{"@type":"ImageObject","@id":"\/logo.png","url":"\/logo.png","width":600,"height":60}},"image":null,"wordCount":257,"keywords":null},{"@type":"Article","@id":"https:\/\/www.adra-ba.cz\/nebezpecna-oblast\/","headline":"Nebezpe\u010dn\u00e1 oblast","url":"https:\/\/www.adra-ba.cz\/nebezpecna-oblast\/","datePublished":"2024-10-20","dateModified":"2024-10-20","mainEntityOfPage":"https:\/\/www.adra-ba.cz\/nebezpecna-oblast\/","author":{"@type":"Person","@id":"https:\/\/www.adra-ba.cz\/author\/#Person","name":"adra-ba.cz\n","url":"https:\/\/www.adra-ba.cz\/author\/","identifier":1,"image":{"@type":"ImageObject","@id":"https:\/\/secure.gravatar.com\/avatar\/c065076eb86551fdb70725c8063acf1b60a8edaed14ed654228c4cba13121c83?s=96&d=mm&r=g","url":"https:\/\/secure.gravatar.com\/avatar\/c065076eb86551fdb70725c8063acf1b60a8edaed14ed654228c4cba13121c83?s=96&d=mm&r=g","height":96,"width":96}},"publisher":{"@type":"Organization","name":"adra-ba.cz","logo":{"@type":"ImageObject","@id":"\/logo.png","url":"\/logo.png","width":600,"height":60}},"image":null,"wordCount":272,"keywords":null},{"@type":"Article","@id":"https:\/\/www.adra-ba.cz\/skvele-boty-pro-kazdou-damu-to-je-znacka-melissa\/","headline":"Skv\u011bl\u00e9 boty pro ka\u017edou d\u00e1mu, to je zna\u010dka Melissa","url":"https:\/\/www.adra-ba.cz\/skvele-boty-pro-kazdou-damu-to-je-znacka-melissa\/","datePublished":"2024-10-17","dateModified":"2024-10-17","mainEntityOfPage":"https:\/\/www.adra-ba.cz\/skvele-boty-pro-kazdou-damu-to-je-znacka-melissa\/","author":{"@type":"Person","@id":"https:\/\/www.adra-ba.cz\/author\/#Person","name":"adra-ba.cz\n","url":"https:\/\/www.adra-ba.cz\/author\/","identifier":1,"image":{"@type":"ImageObject","@id":"https:\/\/secure.gravatar.com\/avatar\/c065076eb86551fdb70725c8063acf1b60a8edaed14ed654228c4cba13121c83?s=96&d=mm&r=g","url":"https:\/\/secure.gravatar.com\/avatar\/c065076eb86551fdb70725c8063acf1b60a8edaed14ed654228c4cba13121c83?s=96&d=mm&r=g","height":96,"width":96}},"publisher":{"@type":"Organization","name":"adra-ba.cz","logo":{"@type":"ImageObject","@id":"\/logo.png","url":"\/logo.png","width":600,"height":60}},"image":null,"wordCount":279,"keywords":null},{"@type":"Article","@id":"https:\/\/www.adra-ba.cz\/luxusni-znacky\/","headline":"Luxusn\u00ed zna\u010dky","url":"https:\/\/www.adra-ba.cz\/luxusni-znacky\/","datePublished":"2024-09-01","dateModified":"2024-09-01","mainEntityOfPage":"https:\/\/www.adra-ba.cz\/luxusni-znacky\/","author":{"@type":"Person","@id":"https:\/\/www.adra-ba.cz\/author\/#Person","name":"adra-ba.cz\n","url":"https:\/\/www.adra-ba.cz\/author\/","identifier":1,"image":{"@type":"ImageObject","@id":"https:\/\/secure.gravatar.com\/avatar\/c065076eb86551fdb70725c8063acf1b60a8edaed14ed654228c4cba13121c83?s=96&d=mm&r=g","url":"https:\/\/secure.gravatar.com\/avatar\/c065076eb86551fdb70725c8063acf1b60a8edaed14ed654228c4cba13121c83?s=96&d=mm&r=g","height":96,"width":96}},"publisher":{"@type":"Organization","name":"adra-ba.cz","logo":{"@type":"ImageObject","@id":"\/logo.png","url":"\/logo.png","width":600,"height":60}},"image":{"@type":"ImageObject","@id":"https:\/\/www.adra-ba.cz\/wp-content\/uploads\/pearls-2651960_1280.jpg","url":"https:\/\/www.adra-ba.cz\/wp-content\/uploads\/pearls-2651960_1280.jpg","height":0,"width":0},"wordCount":553,"keywords":null},{"@type":"Article","@id":"https:\/\/www.adra-ba.cz\/tipy-na-darky-pro-vase-babicky\/","headline":"Tipy na d\u00e1rky pro va\u0161e babi\u010dky","url":"https:\/\/www.adra-ba.cz\/tipy-na-darky-pro-vase-babicky\/","datePublished":"2024-08-09","dateModified":"2024-08-09","mainEntityOfPage":"https:\/\/www.adra-ba.cz\/tipy-na-darky-pro-vase-babicky\/","author":{"@type":"Person","@id":"https:\/\/www.adra-ba.cz\/author\/#Person","name":"adra-ba.cz\n","url":"https:\/\/www.adra-ba.cz\/author\/","identifier":1,"image":{"@type":"ImageObject","@id":"https:\/\/secure.gravatar.com\/avatar\/c065076eb86551fdb70725c8063acf1b60a8edaed14ed654228c4cba13121c83?s=96&d=mm&r=g","url":"https:\/\/secure.gravatar.com\/avatar\/c065076eb86551fdb70725c8063acf1b60a8edaed14ed654228c4cba13121c83?s=96&d=mm&r=g","height":96,"width":96}},"publisher":{"@type":"Organization","name":"adra-ba.cz","logo":{"@type":"ImageObject","@id":"\/logo.png","url":"\/logo.png","width":600,"height":60}},"image":{"@type":"ImageObject","@id":"https:\/\/www.adra-ba.cz\/wp-content\/uploads\/drew-jemmett-qEcWgrTG578-unsplash%20(2)_1.jpg","url":"https:\/\/www.adra-ba.cz\/wp-content\/uploads\/drew-jemmett-qEcWgrTG578-unsplash%20(2)_1.jpg","height":0,"width":0},"wordCount":610,"keywords":null}]},{"@context":"https:\/\/schema.org","@type":"WebSite","@id":"https:\/\/www.adra-ba.cz\/#website","name":"Adra ba","url":"https:\/\/www.adra-ba.cz","potentialAction":{"@type":"SearchAction","target":"https:\/\/www.adra-ba.cz\/?s={search_term_string}","query-input":"required name=search_term_string"}}]