[{"@context":"https:\/\/schema.org\/","@type":"Article","@id":"https:\/\/www.adra-ba.cz\/vase-svatba-bude-skvela-i-diky-nam\/#Article","mainEntityOfPage":"https:\/\/www.adra-ba.cz\/vase-svatba-bude-skvela-i-diky-nam\/","headline":"Va\u0161e svatba bude skv\u011bl\u00e1 i d\u00edky n\u00e1m","name":"Va\u0161e svatba bude skv\u011bl\u00e1 i d\u00edky n\u00e1m","description":"Je jasnou v\u011bc\u00ed, \u017ee ka\u017ed\u00fd by cht\u011bl, aby byla jeho svatba takov\u00e1, jakou ji chce m\u00edt. Jednou z nejd\u016fle\u017eit\u011bj\u0161\u00edch v\u011bc\u00ed jsou i snubn\u00ed prsteny. Pokud&hellip;","datePublished":"2024-11-15","dateModified":"2024-11-15","author":{"@type":"Person","@id":"https:\/\/www.adra-ba.cz\/author\/#Person","name":"adra-ba.cz\n","url":"https:\/\/www.adra-ba.cz\/author\/","identifier":1,"image":{"@type":"ImageObject","@id":"https:\/\/secure.gravatar.com\/avatar\/c065076eb86551fdb70725c8063acf1b60a8edaed14ed654228c4cba13121c83?s=96&d=mm&r=g","url":"https:\/\/secure.gravatar.com\/avatar\/c065076eb86551fdb70725c8063acf1b60a8edaed14ed654228c4cba13121c83?s=96&d=mm&r=g","height":96,"width":96}},"publisher":{"@type":"Organization","name":"adra-ba.cz","logo":{"@type":"ImageObject","@id":"\/logo.png","url":"\/logo.png","width":600,"height":60}},"url":"https:\/\/www.adra-ba.cz\/vase-svatba-bude-skvela-i-diky-nam\/","wordCount":173,"articleBody":"Je jasnou v\u011bc\u00ed, \u017ee ka\u017ed\u00fd by cht\u011bl, aby byla jeho svatba takov\u00e1, jakou ji chce m\u00edt. Jednou z nejd\u016fle\u017eit\u011bj\u0161\u00edch v\u011bc\u00ed jsou i snubn\u00ed prsteny. Pokud si je chcete koupit, m\u011bli byste se obr\u00e1tit na kvalitn\u00ed firmu, kter\u00e9 se d\u00e1 ve v\u0161em v\u011b\u0159it. Jedn\u00edm z profesion\u00e1l\u016f se \u0161irok\u00fdm v\u00fdb\u011brem je na\u0161e firma. Jsme spole\u010dnost \u0160perky Korbi\u010dka a garantujeme v\u00e1m, \u017ee od n\u00e1s dostanete to, co chcete a pot\u0159ebujete. P\u0159ij\u010fte k n\u00e1m a o v\u0161em se jednodu\u0161e p\u0159esv\u011bd\u010dte.\tNa\u0161e kvality si ov\u011b\u0159ila \u0159ada lid\u00edTo, \u017ee jsme v tomto oboru doopravdy kvalitn\u00edm a profesion\u00e1ln\u00edm partnerem, si ov\u011b\u0159ila \u0159ada lid\u00ed, kte\u0159\u00ed se s n\u00e1mi rozhodnuli spolupracovat. D\u00edky tomu si i vy m\u016f\u017eete b\u00fdt jist\u00ed, \u017ee v\u0161echny na\u0161e snubn\u00ed prsteny jsou t\u00e9 nejvy\u0161\u0161\u00ed kvality a m\u016f\u017eete se na n\u011b spolehnout.                                                                                                                                                                                                                                                                                                                                                                                        4.7\/5 - (3 votes)        "},{"@context":"https:\/\/schema.org\/","@type":"BreadcrumbList","itemListElement":[{"@type":"ListItem","position":1,"name":"Va\u0161e svatba bude skv\u011bl\u00e1 i d\u00edky n\u00e1m","item":"https:\/\/www.adra-ba.cz\/vase-svatba-bude-skvela-i-diky-nam\/#breadcrumbitem"}]}]