[{"@context":"https:\/\/schema.org\/","@type":"Article","@id":"https:\/\/www.adra-ba.cz\/vyberte-pro-sve-dite-jen-to-nejlepsi\/#Article","mainEntityOfPage":"https:\/\/www.adra-ba.cz\/vyberte-pro-sve-dite-jen-to-nejlepsi\/","headline":"Vyberte pro sv\u00e9 d\u00edt\u011b jen to nejlep\u0161\u00ed","name":"Vyberte pro sv\u00e9 d\u00edt\u011b jen to nejlep\u0161\u00ed","description":"Dozajista ka\u017ed\u00fd z n\u00e1s m\u016f\u017ee potvrdit, \u017ee p\u0159\u00edchod d\u00edt\u011bte je snad tou nejradostn\u011bj\u0161\u00ed ud\u00e1lost\u00ed v na\u0161ich \u017eivotech. Je snad n\u011bco kr\u00e1sn\u011bj\u0161\u00edho ne\u017e poprv\u00e9 p\u0159ivon\u011bt k&hellip;","datePublished":"2017-07-25","dateModified":"2023-05-05","author":{"@type":"Person","@id":"https:\/\/www.adra-ba.cz\/author\/#Person","name":"adra-ba.cz\n","url":"https:\/\/www.adra-ba.cz\/author\/","identifier":1,"image":{"@type":"ImageObject","@id":"https:\/\/secure.gravatar.com\/avatar\/c065076eb86551fdb70725c8063acf1b60a8edaed14ed654228c4cba13121c83?s=96&d=mm&r=g","url":"https:\/\/secure.gravatar.com\/avatar\/c065076eb86551fdb70725c8063acf1b60a8edaed14ed654228c4cba13121c83?s=96&d=mm&r=g","height":96,"width":96}},"publisher":{"@type":"Organization","name":"adra-ba.cz","logo":{"@type":"ImageObject","@id":"\/logo.png","url":"\/logo.png","width":600,"height":60}},"image":{"@type":"ImageObject","@id":"https:\/\/adra-ba.cz\/wp-content\/uploads\/img_a321290_w2273_t1532546514.jpg","url":"https:\/\/adra-ba.cz\/wp-content\/uploads\/img_a321290_w2273_t1532546514.jpg","height":"","width":""},"url":"https:\/\/www.adra-ba.cz\/vyberte-pro-sve-dite-jen-to-nejlepsi\/","about":["Neza\u0159azen\u00e9"],"wordCount":407,"articleBody":"Dozajista ka\u017ed\u00fd z n\u00e1s m\u016f\u017ee potvrdit, \u017ee p\u0159\u00edchod d\u00edt\u011bte je snad tou nejradostn\u011bj\u0161\u00ed ud\u00e1lost\u00ed v na\u0161ich \u017eivotech. Je snad n\u011bco kr\u00e1sn\u011bj\u0161\u00edho ne\u017e poprv\u00e9 p\u0159ivon\u011bt k narozen\u00e9mu potomkovi, pohladit jej po jeho jemn\u00fdch vl\u00e1sk\u00e1ch \u010di uchopit jeho tenk\u00e9 prst\u00edky? Mno\u017estv\u00ed l\u00e1sky a \u0161t\u011bst\u00ed, kter\u00e9ho se v\u00e1m dostane se ned\u00e1 k ni\u010demu p\u0159irovnat. Zapot\u0159eb\u00ed je v\u0161ak myslet i na to, aby va\u0161e d\u00edtko m\u011blo p\u0159ipravenou dostate\u010dnou v\u00fdbavi\u010dku, nelze opom\u00edjet ve\u0161ker\u00e9 oble\u010den\u00ed, pleny, n\u00e1bytek a v neposledn\u00ed \u0159ad\u011b i ko\u010d\u00e1rek .&#13; &#13; Pr\u00e1v\u011b ten bude po mnoho let zcela z\u00e1sadn\u00edm pomocn\u00edkem v p\u00e9\u010di o va\u0161i ratolest. Proto se vyplat\u00ed zainvestovat do spolehlivosti a kvality, kter\u00e1 se v\u00e1m vr\u00e1t\u00ed v podob\u011b snadn\u00e9 manipulace a dlouh\u00e9 \u017eivotnosti v\u00fdrobku.&#13; P\u0159i v\u00fdb\u011bru je zapot\u0159eb\u00ed zv\u00e1\u017eit hned n\u011bkolik faktor\u016f:&#13; &#13; \u00b7 ter\u00e9n, v n\u011bm\u017e se budete s ko\u010d\u00e1rkem pohybovat, od \u010deho\u017e se odv\u00edj\u00ed i velikost kol&#13; \u00b7 snadn\u00e9 ovl\u00e1d\u00e1n\u00ed&#13; \u00b7 velikost \u00falo\u017en\u00e9ho prostoru, kter\u00e9 mohou jednotliv\u00e9 modely nab\u00eddnout&#13; \u00b7 mo\u017enost houp\u00e1n\u00ed, tedy kvalitn\u00edho odpru\u017een\u00ed a celkov\u00e9 pohyblivosti&#13; \u00b7 skladnost ko\u010d\u00e1rku a jeho v\u00e1ha, co\u017e ocen\u00edte zejm\u00e9na p\u0159i jeho p\u0159ev\u00e1\u017een\u00ed, nap\u0159\u00edklad v kufru automobilu&#13; \u00b7 mo\u017enost v\u011btr\u00e1n\u00ed pro v\u011bt\u0161\u00ed komfort va\u0161eho potomka a sklopen\u00ed korbi\u010dky&#13; &#13; N\u00e1sledn\u011b m\u016f\u017eete volit z n\u011bkolika druh\u016f a variant, kter\u00e9 dozajista vyhov\u00ed va\u0161im r\u016fznorod\u00fdm po\u017eadavk\u016fm. K dispozici jsou ko\u010d\u00e1rky:&#13; &#13; 1. s korbou \u2013 klasick\u00e1 konstrukce, kter\u00e1 zajist\u00ed dostatek tepla a z\u00e1rove\u0148 vzdu\u0161nost&#13; 2. kombinovan\u00e9 \u2013 \u010dili podvozek, korba a sportovn\u00ed n\u00e1stavba&#13; 3. sportovn\u00ed \u2013 ide\u00e1ln\u00ed pro odrostlej\u0161\u00ed d\u011bti, kter\u00e9 mohou vsed\u011b pozorovat okoln\u00ed sv\u011bt&#13; 4. golfov\u00e9 \u2013 vynikaj\u00ed svou skladnost\u00ed a lehkost\u00ed, jsou ide\u00e1ln\u00ed pro p\u0159ejezdy na kr\u00e1tk\u00e9 vzd\u00e1lenosti&#13; &#13; V\u00fdb\u011br a n\u00e1slednou koupi pe\u010dliv\u011b zva\u017ete, rovn\u011b\u017e se vyplat\u00ed zjistit u\u017eite\u010dn\u00e9 informace od sv\u00e9ho okol\u00ed, p\u0159\u00edpadn\u011b prozkoumat specializovan\u00e1 diskuzn\u00ed f\u00f3ra na internetu. Zku\u0161enosti druh\u00fdch v\u017edy p\u0159ijdou vhod. M\u011bjte na pam\u011bti, \u017ee jde o va\u0161e d\u00edt\u011b a na m\u00edst\u011b je proto jen ta nejvy\u0161\u0161\u00ed kvalita a funk\u010dnost.                                                                                                                                                                                                                                                                                                                                                                                        4.4\/5 - (5 votes)        "},{"@context":"https:\/\/schema.org\/","@type":"BreadcrumbList","itemListElement":[{"@type":"ListItem","position":1,"name":"Vyberte pro sv\u00e9 d\u00edt\u011b jen to nejlep\u0161\u00ed","item":"https:\/\/www.adra-ba.cz\/vyberte-pro-sve-dite-jen-to-nejlepsi\/#breadcrumbitem"}]}]